{"id":153804,"date":"2026-09-02T09:45:48","date_gmt":"2026-09-02T06:45:48","guid":{"rendered":"https:\/\/turkpedkar.org.tr\/?p=153804"},"modified":"2026-09-02T09:45:52","modified_gmt":"2026-09-02T06:45:52","slug":"degerli-uyemiz-prof-dr-hazim-alper-gursunun-cok-sevgili-babasi-atilla-gursu-vefat-etmistir","status":"publish","type":"post","link":"https:\/\/turkpedkar.org.tr\/en\/degerli-uyemiz-prof-dr-hazim-alper-gursunun-cok-sevgili-babasi-atilla-gursu-vefat-etmistir\/","title":{"rendered":"De\u011ferli \u00dcyemiz Prof. Dr. Haz\u0131m Alper G\u00dcRSU\u2019nun \u00e7ok sevgili babas\u0131 Atilla G\u00dcRSU vefat etmi\u015ftir."},"content":{"rendered":"<p class=\"wp-block-paragraph\">De\u011ferli \u00dcyemiz Prof. Dr. Haz\u0131m Alper G\u00dcRSU\u2019nun \u00e7ok sevgili babas\u0131 Atilla G\u00dcRSU beyefendinin vefat\u0131n\u0131 \u00fcz\u00fclerek \u00f6\u011frenmi\u015f bulunmaktay\u0131z.<\/p>\n\n\n\n<p class=\"wp-block-paragraph\">Cenazesi bug\u00fcn (2 Eyl\u00fcl 2026) \u0130stanbul Karacaahmet Mezarl\u0131\u011f\u0131ndan ikindi namaz\u0131 sonras\u0131 sonsuzlu\u011fa u\u011furlanacakt\u0131r.<\/p>\n\n\n\n<p class=\"wp-block-paragraph\">B\u00fcy\u00fck ac\u0131lar\u0131n\u0131 payla\u015f\u0131r, merhuma rahmet, sevgili \u00fcyemize, ailesine ba\u015fsa\u011fl\u0131\u011f\u0131 ve sab\u0131r dileriz.<\/p>\n\n\n\n<p class=\"wp-block-paragraph\"><br>Prof. Dr. Osman BA\u015ePINAR<br>Y\u00f6netim Kurulu Ba\u015fkan\u0131<br><\/p>\n\n\n\n<p class=\"wp-block-paragraph\"><\/p>","protected":false},"excerpt":{"rendered":"<p>De\u011ferli \u00dcyemiz Prof. Dr. Haz\u0131m Alper G\u00dcRSU\u2019nun \u00e7ok sevgili babas\u0131 Atilla G\u00dcRSU beyefendinin vefat\u0131n\u0131 \u00fcz\u00fclerek \u00f6\u011frenmi\u015f bulunmaktay\u0131z. Cenazesi bug\u00fcn (2 Eyl\u00fcl 2026) \u0130stanbul Karacaahmet Mezarl\u0131\u011f\u0131ndan ikindi namaz\u0131 sonras\u0131 sonsuzlu\u011fa u\u011furlanacakt\u0131r. B\u00fcy\u00fck ac\u0131lar\u0131n\u0131 payla\u015f\u0131r, merhuma rahmet, sevgili \u00fcyemize, ailesine ba\u015fsa\u011fl\u0131\u011f\u0131 ve sab\u0131r dileriz. Prof. Dr. Osman BA\u015ePINARY\u00f6netim Kurulu Ba\u015fkan\u0131<\/p>","protected":false},"author":4,"featured_media":0,"comment_status":"closed","ping_status":"open","sticky":false,"template":"","format":"standard","meta":{"footnotes":""},"categories":[6],"tags":[],"class_list":["post-153804","post","type-post","status-publish","format-standard","hentry","category-duyurular"],"_links":{"self":[{"href":"https:\/\/turkpedkar.org.tr\/en\/wp-json\/wp\/v2\/posts\/153804","targetHints":{"allow":["GET"]}}],"collection":[{"href":"https:\/\/turkpedkar.org.tr\/en\/wp-json\/wp\/v2\/posts"}],"about":[{"href":"https:\/\/turkpedkar.org.tr\/en\/wp-json\/wp\/v2\/types\/post"}],"author":[{"embeddable":true,"href":"https:\/\/turkpedkar.org.tr\/en\/wp-json\/wp\/v2\/users\/4"}],"replies":[{"embeddable":true,"href":"https:\/\/turkpedkar.org.tr\/en\/wp-json\/wp\/v2\/comments?post=153804"}],"version-history":[{"count":1,"href":"https:\/\/turkpedkar.org.tr\/en\/wp-json\/wp\/v2\/posts\/153804\/revisions"}],"predecessor-version":[{"id":153805,"href":"https:\/\/turkpedkar.org.tr\/en\/wp-json\/wp\/v2\/posts\/153804\/revisions\/153805"}],"wp:attachment":[{"href":"https:\/\/turkpedkar.org.tr\/en\/wp-json\/wp\/v2\/media?parent=153804"}],"wp:term":[{"taxonomy":"category","embeddable":true,"href":"https:\/\/turkpedkar.org.tr\/en\/wp-json\/wp\/v2\/categories?post=153804"},{"taxonomy":"post_tag","embeddable":true,"href":"https:\/\/turkpedkar.org.tr\/en\/wp-json\/wp\/v2\/tags?post=153804"}],"curies":[{"name":"wp","href":"https:\/\/api.w.org\/{rel}","templated":true}]}}