{"id":153115,"date":"2026-03-17T14:40:37","date_gmt":"2026-03-17T11:40:37","guid":{"rendered":"https:\/\/turkpedkar.org.tr\/?p=153115"},"modified":"2026-03-25T18:06:09","modified_gmt":"2026-03-25T15:06:09","slug":"2026-ulusal-kongre-kayit-konaklama-destegi-basvuru-sureci-baslamistir","status":"publish","type":"post","link":"https:\/\/turkpedkar.org.tr\/en\/2026-ulusal-kongre-kayit-konaklama-destegi-basvuru-sureci-baslamistir\/","title":{"rendered":"2026 ULUSAL KONGRE KAYIT KONAKLAMA DESTE\u011e\u0130 ba\u015fvuru s\u00fcreci tamamlanm\u0131\u015ft\u0131r."},"content":{"rendered":"<p>De\u011ferli \u00dcyelerimiz,<\/p>\n\n\n\n<p>Y\u00f6netim Kurulumuz ya\u015fanan ekonomik ko\u015fullar\u0131 g\u00f6z \u00f6n\u00fcne alarak 2026 Ulusal Kongremize kat\u0131lmak isteyen t\u00fcm \u00fcyelerimize olanaklar \u00f6l\u00e7\u00fcs\u00fcnde kademeli olarak destek sa\u011flamaya devam etmektedir.<\/p>\n\n\n\n<p>2026 Ulusal Kongremizde sponsor bulamayan ve BURS ko\u015fullar\u0131n\u0131 ta\u015f\u0131mayan, kongreye kat\u0131lmak isteyen t\u00fcm \u00fcyelerimiz i\u00e7in&nbsp;<strong>KONGRE KAYIT KONAKLAMA DESTE\u011e\u0130<\/strong>&nbsp;sa\u011flanmas\u0131na karar verilmi\u015ftir. 20 Mart 2026 tarihi mesai bitimine kadar ba\u015fvurulmas\u0131 \u00f6nemle rica olunur. Derne\u011fimizin web sitesi veya 2026 Kongre sitemizden de ba\u015fvuru formuna ula\u015f\u0131labilir.<\/p>\n\n\n\n<p>Kongre Kay\u0131t Konaklama Deste\u011finde; Ula\u015f\u0131m taraf\u0131n\u0131za ait olup, kay\u0131t derne\u011fimiz taraf\u0131ndan kar\u015f\u0131lanacak ve konaklama bedeli olarak; \u00c7ift ki\u015filik odada ki\u015fi ba\u015f\u0131 24.000 TL + KDV \u00f6demeyi kabul etmeniz halinde bakiyesi derne\u011fimiz taraf\u0131ndan kar\u015f\u0131lanacakt\u0131r. Konaklama deste\u011fi iki ki\u015filik oda olarak sa\u011flanacakt\u0131r. Ayn\u0131 odada kalmay\u0131 tercih etti\u011finiz ikinci ki\u015fiyi formda belirtebilirsiniz.<\/p>\n\n\n\n<p>Tek ki\u015filik odada kalmak isteyen \u00fcyelerimiz tek ki\u015filik oda fark\u0131n\u0131 \u00f6demek durumundad\u0131r.<br>Ula\u015f\u0131m\u0131n taraf\u0131n\u0131za ait olmas\u0131na kar\u015f\u0131n Havaalan\u0131-Otel transferi konusunda da Derne\u011fimiz size destek olmaya \u00e7al\u0131\u015facakt\u0131r.<\/p>\n\n\n\n<p><strong>ARANACAK KO\u015eULLAR:<\/strong><br>&#8211; Bu destekten yararlanmak i\u00e7in Derne\u011fimiz \u00fcyesi olmak,<br>&#8211; \u00dcyelerin 2026 y\u0131l\u0131 dahil dernek \u00fcye aidatlar\u0131n\u0131 \u00f6demi\u015f olmas\u0131 ve borcu bulunmamas\u0131 gerekmektedir.<br>&#8211; Destek \u00f6demesinin sponsor firma taraf\u0131ndan yap\u0131lmamas\u0131.<\/p>\n\n\n\n<p>Ba\u015fvurunuz sonucunda gerekli i\u015flemlerin yap\u0131lmas\u0131 i\u00e7in isminiz organizasyon firmam\u0131za bildirilecektir. Konaklama bedeli Kongreden en az bir hafta \u00f6ncesinde Z-Event Kongre hesab\u0131na \u00f6denecektir.<\/p>\n\n\n\n<p><a href=\"https:\/\/turkpedkar.us13.list-manage.com\/track\/click?u=0ac8181b7f673c1bfc0d642cd&amp;id=f329c7d400&amp;e=eda47ab621\" target=\"_blank\" rel=\"noreferrer noopener\"><strong>DESTEK BA\u015eVURU FORMU<\/strong><\/a><br><br>Antalya\u2019da bulu\u015fmak dile\u011fiyle sayg\u0131lar\u0131m\u0131zla.<\/p>\n\n\n\n<p>Prof. Dr. Osman BA\u015ePINAR<br>Y\u00f6netim Kurulu Ba\u015fkan\u0131<br><br>Prof. Dr. Atakan ATALAY<br>General Secretary<\/p>","protected":false},"excerpt":{"rendered":"<p>De\u011ferli \u00dcyelerimiz, Y\u00f6netim Kurulumuz ya\u015fanan ekonomik ko\u015fullar\u0131 g\u00f6z \u00f6n\u00fcne alarak 2026 Ulusal Kongremize kat\u0131lmak isteyen t\u00fcm \u00fcyelerimize olanaklar \u00f6l\u00e7\u00fcs\u00fcnde kademeli olarak destek sa\u011flamaya devam etmektedir. 2026 Ulusal Kongremizde sponsor bulamayan ve BURS ko\u015fullar\u0131n\u0131 ta\u015f\u0131mayan, kongreye kat\u0131lmak isteyen t\u00fcm \u00fcyelerimiz i\u00e7in&nbsp;KONGRE KAYIT KONAKLAMA DESTE\u011e\u0130&nbsp;sa\u011flanmas\u0131na karar verilmi\u015ftir. 20 Mart 2026 tarihi mesai bitimine kadar ba\u015fvurulmas\u0131 \u00f6nemle rica &#8230; <a title=\"2026 ULUSAL KONGRE KAYIT KONAKLAMA DESTE\u011e\u0130 ba\u015fvuru s\u00fcreci tamamlanm\u0131\u015ft\u0131r.\" class=\"read-more\" href=\"https:\/\/turkpedkar.org.tr\/en\/2026-ulusal-kongre-kayit-konaklama-destegi-basvuru-sureci-baslamistir\/\" aria-label=\"Read more about 2026 ULUSAL KONGRE KAYIT KONAKLAMA DESTE\u011e\u0130 ba\u015fvuru s\u00fcreci tamamlanm\u0131\u015ft\u0131r.\">Read more<\/a><\/p>","protected":false},"author":4,"featured_media":0,"comment_status":"closed","ping_status":"open","sticky":false,"template":"","format":"standard","meta":{"footnotes":""},"categories":[6],"tags":[],"class_list":["post-153115","post","type-post","status-publish","format-standard","hentry","category-duyurular"],"_links":{"self":[{"href":"https:\/\/turkpedkar.org.tr\/en\/wp-json\/wp\/v2\/posts\/153115","targetHints":{"allow":["GET"]}}],"collection":[{"href":"https:\/\/turkpedkar.org.tr\/en\/wp-json\/wp\/v2\/posts"}],"about":[{"href":"https:\/\/turkpedkar.org.tr\/en\/wp-json\/wp\/v2\/types\/post"}],"author":[{"embeddable":true,"href":"https:\/\/turkpedkar.org.tr\/en\/wp-json\/wp\/v2\/users\/4"}],"replies":[{"embeddable":true,"href":"https:\/\/turkpedkar.org.tr\/en\/wp-json\/wp\/v2\/comments?post=153115"}],"version-history":[{"count":2,"href":"https:\/\/turkpedkar.org.tr\/en\/wp-json\/wp\/v2\/posts\/153115\/revisions"}],"predecessor-version":[{"id":153159,"href":"https:\/\/turkpedkar.org.tr\/en\/wp-json\/wp\/v2\/posts\/153115\/revisions\/153159"}],"wp:attachment":[{"href":"https:\/\/turkpedkar.org.tr\/en\/wp-json\/wp\/v2\/media?parent=153115"}],"wp:term":[{"taxonomy":"category","embeddable":true,"href":"https:\/\/turkpedkar.org.tr\/en\/wp-json\/wp\/v2\/categories?post=153115"},{"taxonomy":"post_tag","embeddable":true,"href":"https:\/\/turkpedkar.org.tr\/en\/wp-json\/wp\/v2\/tags?post=153115"}],"curies":[{"name":"wp","href":"https:\/\/api.w.org\/{rel}","templated":true}]}}